{"id":592,"date":"2021-03-31T19:31:04","date_gmt":"2021-03-31T19:31:04","guid":{"rendered":"http:\/\/mcmillanvantage.com\/fr\/?p=592"},"modified":"2022-02-15T11:44:19","modified_gmt":"2022-02-15T16:44:19","slug":"le-gouvernement-du-quebec-depose-un-budget-retenu-alors-que-la-caq-se-prepare-a-sa-campagne-de-reelection","status":"publish","type":"post","link":"https:\/\/mcmillanvantage.com\/fr\/2021\/03\/31\/le-gouvernement-du-quebec-depose-un-budget-retenu-alors-que-la-caq-se-prepare-a-sa-campagne-de-reelection\/","title":{"rendered":"Le gouvernement du Qu\u00e9bec d\u00e9pose un budget retenu alors que la CAQ se pr\u00e9pare \u00e0 sa campagne de r\u00e9\u00e9lection"},"content":{"rendered":"\n<p>Nous associons souvent l\u2019avant-dernier \u00e9pisode \u00e0 une grande excitation ou \u00e0 un suspense qui vous tient en haleine. L\u2019avant-dernier budget du mandat de quatre ans du gouvernement du Qu\u00e9bec pourrait plut\u00f4t \u00eatre qualifi\u00e9 d\u2019aride, conservateur, stable, peu inspirant ou transitoire. Il nous porte certainement \u00e0 nous demander \u00e0 quoi nous devons nous attendre l\u2019ann\u00e9e prochaine lorsque le premier ministre du Qu\u00e9bec, Fran\u00e7ois Legault, sollicitera un second mandat majoritaire aupr\u00e8s des Qu\u00e9b\u00e9cois.<\/p>\n\n\n\n<p><strong>Contexte du budget<\/strong><\/p>\n\n\n\n<p>La semaine derni\u00e8re, le ministre des Finances du Qu\u00e9bec, \u00c9ric Girard, pr\u00e9sentait son troisi\u00e8me budget, un budget fort diff\u00e9rent de celui qu\u2019il avait pr\u00e9sent\u00e9 le 10&nbsp;mars 2020, soit quelques jours avant que la province en entier ne soit mise sur \u00ab&nbsp;pause&nbsp;\u00bb en raison de la pand\u00e9mie de la COVID-19. Des d\u00e9penses et des d\u00e9ficits records ont d\u00e9coul\u00e9 alors que le gouvernement s\u2019affairait \u00e0 maintenir l\u2019\u00e9conomie \u00e0 flot.<\/p>\n\n\n\n<p>Il est important de se souvenir que le Qu\u00e9bec est entr\u00e9 en situation de pand\u00e9mie alors que son \u00e9conomie n\u2019avait jamais \u00e9t\u00e9 en aussi bonne position depuis une g\u00e9n\u00e9ration, avec des budgets \u00e9quilibr\u00e9s successifs remontant \u00e0 2015-2016. Le gouvernement lib\u00e9ral de Philippe Couillard a pay\u00e9 le prix politique pour la limitation impopulaire des d\u00e9penses publiques, les critiques \u00e9voquant \u00e0 cet \u00e9gard une p\u00e9riode d\u2019aust\u00e9rit\u00e9, laquelle a en fin de compte eu un r\u00f4le \u00e0 jouer dans sa d\u00e9faite aux \u00e9lections de&nbsp;2018. La Coalition Avenir Qu\u00e9bec (CAQ) de Fran\u00e7ois Legault a toutefois profit\u00e9 du travail de mise en ordre des finances publiques du Qu\u00e9bec et pr\u00e9voyait deux autres budgets exc\u00e9dentaires, notamment un surplus budg\u00e9taire de 4,5&nbsp;milliards de dollars en&nbsp;2019-2020 (finalement, le surplus n\u2019a \u00e9t\u00e9 que de 3&nbsp;milliards de dollars). Le ratio de la dette nette au PIB de la province a \u00e9t\u00e9 r\u00e9duit, passant de 50,7&nbsp;% en&nbsp;2012-2013 \u00e0 37,2&nbsp;% au dernier exercice&nbsp;\u2014&nbsp;inf\u00e9rieur au taux de 39,9&nbsp;% de l\u2019Ontario.<\/p>\n\n\n\n<p><strong>Une ann\u00e9e et une pand\u00e9mie plus tard<\/strong><strong>\u2026<\/strong><\/p>\n\n\n\n<p>Le Qu\u00e9bec a pr\u00e9vu un d\u00e9ficit de 15&nbsp;milliards de dollars pour l\u2019exercice&nbsp;2020-2021, et celui pr\u00e9vu pour l\u2019exercice actuel est de 12,3&nbsp;milliards de dollars. Le d\u00e9ficit devrait \u00eatre encore ramen\u00e9 \u00e0 8,5&nbsp;milliards de dollars l\u2019an prochain. N\u00e9anmoins, aucune hausse d\u2019imp\u00f4ts n\u2019est pr\u00e9vue. Les nouvelles d\u00e9penses totaliseront 5,2&nbsp;milliards de dollars, principalement dans les secteurs de la sant\u00e9 et de l\u2019\u00e9ducation, et les efforts de relance devraient viser les PME, la culture et le tourisme. Le ratio de la dette nette au PIB a grimp\u00e9 \u00e0 49,5&nbsp;% et continuera sa hausse jusqu\u2019\u00e0 l\u2019exercice 2025-2026 avant de pouvoir baisser de nouveau.<\/p>\n\n\n\n<p>Ce qui a retenu l\u2019attention des analystes a \u00e9t\u00e9 l\u2019annonce du report de deux ans du retour \u00e0 un \u00e9quilibre budg\u00e9taire, soit en 2027-2028 (pour sept ans au lieu des cinq ans promis en juin dernier).<\/p>\n\n\n\n<p><strong>Ce que vous devez savoir<\/strong><\/p>\n\n\n\n<p>La premi\u00e8re chose \u00e0 retenir \u00e0 l\u2019analyse de ce budget est que les \u00e9lections au Qu\u00e9bec sont pr\u00e9vues pour le mois d\u2019octobre&nbsp;2022. Ce qui signifie que le budget de l\u2019ann\u00e9e prochaine sera un budget \u00e9lectoral classique avec de bonnes nouvelles pour presque tout le monde. Le ministre Girard s\u2019est bien d\u00e9brouill\u00e9 pour garder une bonne marge de man\u0153uvre pour l\u2019avenir. Alors que la pand\u00e9mie a fait baisser le PIB de 5,2&nbsp;% l\u2019an dernier, le ministre&nbsp;Girard pr\u00e9dit une croissance de 4,2&nbsp;%, soit bien en dessous des 6&nbsp;% attendus par Desjardins. Ainsi, les revenus ont probablement \u00e9t\u00e9 sous-estim\u00e9s.<\/p>\n\n\n\n<p>Le ministre Girard a clairement indiqu\u00e9 qu\u2019aucune mesure ne sera prise pour r\u00e9duire le d\u00e9ficit budg\u00e9taire tant et aussi longtemps que le Qu\u00e9bec ne sera pas retourn\u00e9 au niveau d\u2019emploi ant\u00e9rieur \u00e0 la pand\u00e9mie. Cependant, au mois dernier, 96,8&nbsp;% des emplois perdus depuis le d\u00e9but de la pand\u00e9mie avaient \u00e9t\u00e9 retrouv\u00e9s. \u00c0 6,4&nbsp;%, Qu\u00e9bec poss\u00e8de le taux de ch\u00f4mage le plus bas au Canada (il \u00e9tait \u00e0 5,5&nbsp;% avant le d\u00e9but de la COVID-19).<\/p>\n\n\n\n<p>De plus, le point du gouvernement le plus repris par les commentateurs est que la crise actuelle laissera le Qu\u00e9bec avec un d\u00e9ficit structurel d\u2019environ 6,5&nbsp;milliards de dollars par ann\u00e9e. Cela fait des mois que le premier ministre Fran\u00e7ois Legault demande au gouvernement f\u00e9d\u00e9ral d\u2019augmenter consid\u00e9rablement les transferts en mati\u00e8re de soins de sant\u00e9. Ce n\u2019est pas une co\u00efncidence si la part des transferts qui, selon lui, devrait revenir au Qu\u00e9bec s\u2019\u00e9l\u00e8ve justement \u00e0 environ 6&nbsp;milliards de dollars.<\/p>\n\n\n\n<p>Le premier ministre Fran\u00e7ois Legault sait qu\u2019il n\u2019obtiendra jamais d\u2019Ottawa le montant total de 6&nbsp;milliards de dollars, mais qu\u2019il a une chance raisonnable d\u2019obtenir une augmentation. Si ce n\u2019est pas le cas, cette question deviendra un point de ralliement pour sa campagne de r\u00e9\u00e9lection. Compte tenu des estimations de croissance conservatrices, d\u2019une situation de l\u2019emploi qui est proche de celle qu\u2019elle \u00e9tait il y a un an et d\u2019un d\u00e9ficit \u00ab&nbsp;structurel&nbsp;\u00bb de 6&nbsp;milliards de dollars qui pourrait \u00eatre r\u00e9duit, Fran\u00e7ois Legault et \u00c9ric Girard disposeront en&nbsp;2022 de la marge de man\u0153uvre n\u00e9cessaire pour augmenter les d\u00e9penses publiques dans les secteurs populaires tout en planifiant d\u2019\u00e9quilibrer le budget beaucoup plus t\u00f4t que pr\u00e9vu. Une recette presque parfaite pour les prochaines \u00e9lections.<\/p>\n\n\n\n<p><strong>En guise de contexte\u2026<\/strong><\/p>\n\n\n\n<p>Il est possible que nous vivions dans un<em> monde bizarro\u00efde <\/em>o\u00f9 tout marche \u00e0 l\u2019envers. L\u2019Ontario n\u2019a pas eu un budget \u00e9quilibr\u00e9 depuis 2007-2008, et elle ne pr\u00e9voit pas revenir \u00e0 l\u2019\u00e9quilibre avant l\u2019ann\u00e9e&nbsp;2030. Le Qu\u00e9bec a connu un surplus budg\u00e9taire pour cinq des six derni\u00e8res ann\u00e9es, et peut de fa\u00e7on r\u00e9aliste esp\u00e9rer un retour \u00e0 un surplus budg\u00e9taire d\u2019ici cinq ans. L\u2019Ontario a d\u00e9sesp\u00e9r\u00e9ment besoin de trouver d\u2019autres sources de revenus afin de payer ses d\u00e9penses suppl\u00e9mentaires alors que le Qu\u00e9bec se pr\u00e9pare \u00e0 offrir des cadeaux \u00e9lectoraux.<\/p>\n\n\n\n<p>Mais au moins dans ce<em> monde bizarro\u00efde<\/em>, les Canadiens se d\u00e9m\u00e8nent pour faire les s\u00e9ries alors que les Maple Leafs sont en premi\u00e8re place.<\/p>\n\n\n\n<p><strong>Pour obtenir de l\u2019aide pour comprendre le Qu\u00e9bec ou discuter de cet article, communiquez avec Jonathan Kalles. Pour recevoir les mises \u00e0 jour sp\u00e9ciales COVID-19 aux deux semaines de McMillan Vantage, \u00e9crivez \u00e0 <\/strong><a href=\"mailto:info@mcmillanvantage.com\"><strong>info@mcmillanvantage.com<\/strong><\/a><strong>.<\/strong><\/p>\n","protected":false},"excerpt":{"rendered":"<p>Nous associons souvent l\u2019avant-dernier \u00e9pisode \u00e0 une grande excitation ou \u00e0 un suspense qui vous tient en haleine. L\u2019avant-dernier budget du mandat de quatre ans&hellip;<\/p>\n<p class=\"read-more\"><a class=\"\" href=\"https:\/\/mcmillanvantage.com\/fr\/2021\/03\/31\/le-gouvernement-du-quebec-depose-un-budget-retenu-alors-que-la-caq-se-prepare-a-sa-campagne-de-reelection\/\"><span class=\"screen-reader-text\">Le gouvernement du Qu\u00e9bec d\u00e9pose un budget retenu alors que la CAQ se pr\u00e9pare \u00e0 sa campagne de r\u00e9\u00e9lection<\/span>Lire plus<\/a><\/span><\/p>\n","protected":false},"author":2,"featured_media":594,"comment_status":"closed","ping_status":"open","sticky":false,"template":"","format":"standard","meta":{"_acf_changed":false,"site-sidebar-layout":"default","site-content-layout":"default","ast-global-header-display":"","ast-main-header-display":"","ast-hfb-above-header-display":"","ast-hfb-below-header-display":"","ast-hfb-mobile-header-display":"","site-post-title":"","ast-breadcrumbs-content":"","ast-featured-img":"disabled","footer-sml-layout":"","theme-transparent-header-meta":"","adv-header-id-meta":"","stick-header-meta":"","header-above-stick-meta":"","header-main-stick-meta":"","header-below-stick-meta":"","footnotes":""},"categories":[113,117,114],"tags":[],"class_list":["post-592","post","type-post","status-publish","format-standard","has-post-thumbnail","hentry","category-en-vedette","category-featured","category-insight"],"acf":[],"yoast_head":"<!-- This site is optimized with the Yoast SEO plugin v26.3 - https:\/\/yoast.com\/wordpress\/plugins\/seo\/ -->\n<title>Le gouvernement du Qu\u00e9bec d\u00e9pose un budget retenu alors que la CAQ se pr\u00e9pare \u00e0 sa campagne de r\u00e9\u00e9lection - McMillan Vantage<\/title>\n<meta name=\"robots\" content=\"index, follow, max-snippet:-1, max-image-preview:large, max-video-preview:-1\" \/>\n<link rel=\"canonical\" href=\"https:\/\/mcmillanvantage.com\/fr\/2021\/03\/31\/le-gouvernement-du-quebec-depose-un-budget-retenu-alors-que-la-caq-se-prepare-a-sa-campagne-de-reelection\/\" \/>\n<meta property=\"og:locale\" content=\"fr_CA\" \/>\n<meta property=\"og:type\" content=\"article\" \/>\n<meta property=\"og:title\" content=\"Le gouvernement du Qu\u00e9bec d\u00e9pose un budget retenu alors que la CAQ se pr\u00e9pare \u00e0 sa campagne de r\u00e9\u00e9lection - McMillan Vantage\" \/>\n<meta property=\"og:description\" content=\"Nous associons souvent l\u2019avant-dernier \u00e9pisode \u00e0 une grande excitation ou \u00e0 un suspense qui vous tient en haleine. L\u2019avant-dernier budget du mandat de quatre ans&hellip;Le gouvernement du Qu\u00e9bec d\u00e9pose un budget retenu alors que la CAQ se pr\u00e9pare \u00e0 sa campagne de r\u00e9\u00e9lectionLire plus\" \/>\n<meta property=\"og:url\" content=\"https:\/\/mcmillanvantage.com\/fr\/2021\/03\/31\/le-gouvernement-du-quebec-depose-un-budget-retenu-alors-que-la-caq-se-prepare-a-sa-campagne-de-reelection\/\" \/>\n<meta property=\"og:site_name\" content=\"McMillan Vantage\" \/>\n<meta property=\"article:published_time\" content=\"2021-03-31T19:31:04+00:00\" \/>\n<meta property=\"article:modified_time\" content=\"2022-02-15T16:44:19+00:00\" \/>\n<meta property=\"og:image\" content=\"https:\/\/mcmillanvantage.com\/fr\/wp-content\/uploads\/sites\/3\/2021\/03\/Quebec-Releases-Restrained-final2-FR.jpg\" \/>\n\t<meta property=\"og:image:width\" content=\"1024\" \/>\n\t<meta property=\"og:image:height\" content=\"512\" \/>\n\t<meta property=\"og:image:type\" content=\"image\/jpeg\" \/>\n<meta name=\"author\" content=\"Andrea Donlan\" \/>\n<meta name=\"twitter:card\" content=\"summary_large_image\" \/>\n<meta name=\"twitter:label1\" content=\"\u00c9crit par\" \/>\n\t<meta name=\"twitter:data1\" content=\"Andrea Donlan\" \/>\n\t<meta name=\"twitter:label2\" content=\"Estimation du temps de lecture\" \/>\n\t<meta name=\"twitter:data2\" content=\"6 minutes\" \/>\n<script type=\"application\/ld+json\" class=\"yoast-schema-graph\">{\"@context\":\"https:\/\/schema.org\",\"@graph\":[{\"@type\":\"Article\",\"@id\":\"https:\/\/mcmillanvantage.com\/fr\/2021\/03\/31\/le-gouvernement-du-quebec-depose-un-budget-retenu-alors-que-la-caq-se-prepare-a-sa-campagne-de-reelection\/#article\",\"isPartOf\":{\"@id\":\"https:\/\/mcmillanvantage.com\/fr\/2021\/03\/31\/le-gouvernement-du-quebec-depose-un-budget-retenu-alors-que-la-caq-se-prepare-a-sa-campagne-de-reelection\/\"},\"author\":{\"name\":\"Andrea Donlan\",\"@id\":\"https:\/\/mcmillanvantage.com\/fr\/#\/schema\/person\/d0ac01dd0c14ab69230a5db83247c6cb\"},\"headline\":\"Le gouvernement du Qu\u00e9bec d\u00e9pose un budget retenu alors que la CAQ se pr\u00e9pare \u00e0 sa campagne de r\u00e9\u00e9lection\",\"datePublished\":\"2021-03-31T19:31:04+00:00\",\"dateModified\":\"2022-02-15T16:44:19+00:00\",\"mainEntityOfPage\":{\"@id\":\"https:\/\/mcmillanvantage.com\/fr\/2021\/03\/31\/le-gouvernement-du-quebec-depose-un-budget-retenu-alors-que-la-caq-se-prepare-a-sa-campagne-de-reelection\/\"},\"wordCount\":1159,\"publisher\":{\"@id\":\"https:\/\/mcmillanvantage.com\/fr\/#organization\"},\"image\":{\"@id\":\"https:\/\/mcmillanvantage.com\/fr\/2021\/03\/31\/le-gouvernement-du-quebec-depose-un-budget-retenu-alors-que-la-caq-se-prepare-a-sa-campagne-de-reelection\/#primaryimage\"},\"thumbnailUrl\":\"https:\/\/mcmillanvantage.com\/fr\/wp-content\/uploads\/sites\/3\/2021\/03\/Quebec-Releases-Restrained-final2-FR.jpg\",\"articleSection\":[\"En Vedette\",\"Featured\",\"Insight\"],\"inLanguage\":\"fr-CA\"},{\"@type\":\"WebPage\",\"@id\":\"https:\/\/mcmillanvantage.com\/fr\/2021\/03\/31\/le-gouvernement-du-quebec-depose-un-budget-retenu-alors-que-la-caq-se-prepare-a-sa-campagne-de-reelection\/\",\"url\":\"https:\/\/mcmillanvantage.com\/fr\/2021\/03\/31\/le-gouvernement-du-quebec-depose-un-budget-retenu-alors-que-la-caq-se-prepare-a-sa-campagne-de-reelection\/\",\"name\":\"Le gouvernement du Qu\u00e9bec d\u00e9pose un budget retenu alors que la CAQ se pr\u00e9pare \u00e0 sa campagne de r\u00e9\u00e9lection - McMillan Vantage\",\"isPartOf\":{\"@id\":\"https:\/\/mcmillanvantage.com\/fr\/#website\"},\"primaryImageOfPage\":{\"@id\":\"https:\/\/mcmillanvantage.com\/fr\/2021\/03\/31\/le-gouvernement-du-quebec-depose-un-budget-retenu-alors-que-la-caq-se-prepare-a-sa-campagne-de-reelection\/#primaryimage\"},\"image\":{\"@id\":\"https:\/\/mcmillanvantage.com\/fr\/2021\/03\/31\/le-gouvernement-du-quebec-depose-un-budget-retenu-alors-que-la-caq-se-prepare-a-sa-campagne-de-reelection\/#primaryimage\"},\"thumbnailUrl\":\"https:\/\/mcmillanvantage.com\/fr\/wp-content\/uploads\/sites\/3\/2021\/03\/Quebec-Releases-Restrained-final2-FR.jpg\",\"datePublished\":\"2021-03-31T19:31:04+00:00\",\"dateModified\":\"2022-02-15T16:44:19+00:00\",\"breadcrumb\":{\"@id\":\"https:\/\/mcmillanvantage.com\/fr\/2021\/03\/31\/le-gouvernement-du-quebec-depose-un-budget-retenu-alors-que-la-caq-se-prepare-a-sa-campagne-de-reelection\/#breadcrumb\"},\"inLanguage\":\"fr-CA\",\"potentialAction\":[{\"@type\":\"ReadAction\",\"target\":[\"https:\/\/mcmillanvantage.com\/fr\/2021\/03\/31\/le-gouvernement-du-quebec-depose-un-budget-retenu-alors-que-la-caq-se-prepare-a-sa-campagne-de-reelection\/\"]}]},{\"@type\":\"ImageObject\",\"inLanguage\":\"fr-CA\",\"@id\":\"https:\/\/mcmillanvantage.com\/fr\/2021\/03\/31\/le-gouvernement-du-quebec-depose-un-budget-retenu-alors-que-la-caq-se-prepare-a-sa-campagne-de-reelection\/#primaryimage\",\"url\":\"https:\/\/mcmillanvantage.com\/fr\/wp-content\/uploads\/sites\/3\/2021\/03\/Quebec-Releases-Restrained-final2-FR.jpg\",\"contentUrl\":\"https:\/\/mcmillanvantage.com\/fr\/wp-content\/uploads\/sites\/3\/2021\/03\/Quebec-Releases-Restrained-final2-FR.jpg\",\"width\":1024,\"height\":512},{\"@type\":\"BreadcrumbList\",\"@id\":\"https:\/\/mcmillanvantage.com\/fr\/2021\/03\/31\/le-gouvernement-du-quebec-depose-un-budget-retenu-alors-que-la-caq-se-prepare-a-sa-campagne-de-reelection\/#breadcrumb\",\"itemListElement\":[{\"@type\":\"ListItem\",\"position\":1,\"name\":\"Home\",\"item\":\"https:\/\/mcmillanvantage.com\/fr\/\"},{\"@type\":\"ListItem\",\"position\":2,\"name\":\"Le gouvernement du Qu\u00e9bec d\u00e9pose un budget retenu alors que la CAQ se pr\u00e9pare \u00e0 sa campagne de r\u00e9\u00e9lection\"}]},{\"@type\":\"WebSite\",\"@id\":\"https:\/\/mcmillanvantage.com\/fr\/#website\",\"url\":\"https:\/\/mcmillanvantage.com\/fr\/\",\"name\":\"McMillan Vantage\",\"description\":\"\",\"publisher\":{\"@id\":\"https:\/\/mcmillanvantage.com\/fr\/#organization\"},\"potentialAction\":[{\"@type\":\"SearchAction\",\"target\":{\"@type\":\"EntryPoint\",\"urlTemplate\":\"https:\/\/mcmillanvantage.com\/fr\/?s={search_term_string}\"},\"query-input\":{\"@type\":\"PropertyValueSpecification\",\"valueRequired\":true,\"valueName\":\"search_term_string\"}}],\"inLanguage\":\"fr-CA\"},{\"@type\":\"Organization\",\"@id\":\"https:\/\/mcmillanvantage.com\/fr\/#organization\",\"name\":\"McMillan Vantage\",\"url\":\"https:\/\/mcmillanvantage.com\/fr\/\",\"logo\":{\"@type\":\"ImageObject\",\"inLanguage\":\"fr-CA\",\"@id\":\"https:\/\/mcmillanvantage.com\/fr\/#\/schema\/logo\/image\/\",\"url\":\"https:\/\/mcmillanvantage.com\/fr\/wp-content\/uploads\/sites\/3\/2023\/02\/mv-logo-web.svg\",\"contentUrl\":\"https:\/\/mcmillanvantage.com\/fr\/wp-content\/uploads\/sites\/3\/2023\/02\/mv-logo-web.svg\",\"width\":255,\"height\":40,\"caption\":\"McMillan Vantage\"},\"image\":{\"@id\":\"https:\/\/mcmillanvantage.com\/fr\/#\/schema\/logo\/image\/\"},\"sameAs\":[\"https:\/\/www.linkedin.com\/company\/mcmillanvantage\"]},{\"@type\":\"Person\",\"@id\":\"https:\/\/mcmillanvantage.com\/fr\/#\/schema\/person\/d0ac01dd0c14ab69230a5db83247c6cb\",\"name\":\"Andrea Donlan\",\"url\":\"https:\/\/mcmillanvantage.com\/fr\/author\/andrea\/\"}]}<\/script>\n<!-- \/ Yoast SEO plugin. -->","yoast_head_json":{"title":"Le gouvernement du Qu\u00e9bec d\u00e9pose un budget retenu alors que la CAQ se pr\u00e9pare \u00e0 sa campagne de r\u00e9\u00e9lection - McMillan Vantage","robots":{"index":"index","follow":"follow","max-snippet":"max-snippet:-1","max-image-preview":"max-image-preview:large","max-video-preview":"max-video-preview:-1"},"canonical":"https:\/\/mcmillanvantage.com\/fr\/2021\/03\/31\/le-gouvernement-du-quebec-depose-un-budget-retenu-alors-que-la-caq-se-prepare-a-sa-campagne-de-reelection\/","og_locale":"fr_CA","og_type":"article","og_title":"Le gouvernement du Qu\u00e9bec d\u00e9pose un budget retenu alors que la CAQ se pr\u00e9pare \u00e0 sa campagne de r\u00e9\u00e9lection - McMillan Vantage","og_description":"Nous associons souvent l\u2019avant-dernier \u00e9pisode \u00e0 une grande excitation ou \u00e0 un suspense qui vous tient en haleine. L\u2019avant-dernier budget du mandat de quatre ans&hellip;Le gouvernement du Qu\u00e9bec d\u00e9pose un budget retenu alors que la CAQ se pr\u00e9pare \u00e0 sa campagne de r\u00e9\u00e9lectionLire plus","og_url":"https:\/\/mcmillanvantage.com\/fr\/2021\/03\/31\/le-gouvernement-du-quebec-depose-un-budget-retenu-alors-que-la-caq-se-prepare-a-sa-campagne-de-reelection\/","og_site_name":"McMillan Vantage","article_published_time":"2021-03-31T19:31:04+00:00","article_modified_time":"2022-02-15T16:44:19+00:00","og_image":[{"width":1024,"height":512,"url":"https:\/\/mcmillanvantage.com\/fr\/wp-content\/uploads\/sites\/3\/2021\/03\/Quebec-Releases-Restrained-final2-FR.jpg","type":"image\/jpeg"}],"author":"Andrea Donlan","twitter_card":"summary_large_image","twitter_misc":{"\u00c9crit par":"Andrea Donlan","Estimation du temps de lecture":"6 minutes"},"schema":{"@context":"https:\/\/schema.org","@graph":[{"@type":"Article","@id":"https:\/\/mcmillanvantage.com\/fr\/2021\/03\/31\/le-gouvernement-du-quebec-depose-un-budget-retenu-alors-que-la-caq-se-prepare-a-sa-campagne-de-reelection\/#article","isPartOf":{"@id":"https:\/\/mcmillanvantage.com\/fr\/2021\/03\/31\/le-gouvernement-du-quebec-depose-un-budget-retenu-alors-que-la-caq-se-prepare-a-sa-campagne-de-reelection\/"},"author":{"name":"Andrea Donlan","@id":"https:\/\/mcmillanvantage.com\/fr\/#\/schema\/person\/d0ac01dd0c14ab69230a5db83247c6cb"},"headline":"Le gouvernement du Qu\u00e9bec d\u00e9pose un budget retenu alors que la CAQ se pr\u00e9pare \u00e0 sa campagne de r\u00e9\u00e9lection","datePublished":"2021-03-31T19:31:04+00:00","dateModified":"2022-02-15T16:44:19+00:00","mainEntityOfPage":{"@id":"https:\/\/mcmillanvantage.com\/fr\/2021\/03\/31\/le-gouvernement-du-quebec-depose-un-budget-retenu-alors-que-la-caq-se-prepare-a-sa-campagne-de-reelection\/"},"wordCount":1159,"publisher":{"@id":"https:\/\/mcmillanvantage.com\/fr\/#organization"},"image":{"@id":"https:\/\/mcmillanvantage.com\/fr\/2021\/03\/31\/le-gouvernement-du-quebec-depose-un-budget-retenu-alors-que-la-caq-se-prepare-a-sa-campagne-de-reelection\/#primaryimage"},"thumbnailUrl":"https:\/\/mcmillanvantage.com\/fr\/wp-content\/uploads\/sites\/3\/2021\/03\/Quebec-Releases-Restrained-final2-FR.jpg","articleSection":["En Vedette","Featured","Insight"],"inLanguage":"fr-CA"},{"@type":"WebPage","@id":"https:\/\/mcmillanvantage.com\/fr\/2021\/03\/31\/le-gouvernement-du-quebec-depose-un-budget-retenu-alors-que-la-caq-se-prepare-a-sa-campagne-de-reelection\/","url":"https:\/\/mcmillanvantage.com\/fr\/2021\/03\/31\/le-gouvernement-du-quebec-depose-un-budget-retenu-alors-que-la-caq-se-prepare-a-sa-campagne-de-reelection\/","name":"Le gouvernement du Qu\u00e9bec d\u00e9pose un budget retenu alors que la CAQ se pr\u00e9pare \u00e0 sa campagne de r\u00e9\u00e9lection - McMillan Vantage","isPartOf":{"@id":"https:\/\/mcmillanvantage.com\/fr\/#website"},"primaryImageOfPage":{"@id":"https:\/\/mcmillanvantage.com\/fr\/2021\/03\/31\/le-gouvernement-du-quebec-depose-un-budget-retenu-alors-que-la-caq-se-prepare-a-sa-campagne-de-reelection\/#primaryimage"},"image":{"@id":"https:\/\/mcmillanvantage.com\/fr\/2021\/03\/31\/le-gouvernement-du-quebec-depose-un-budget-retenu-alors-que-la-caq-se-prepare-a-sa-campagne-de-reelection\/#primaryimage"},"thumbnailUrl":"https:\/\/mcmillanvantage.com\/fr\/wp-content\/uploads\/sites\/3\/2021\/03\/Quebec-Releases-Restrained-final2-FR.jpg","datePublished":"2021-03-31T19:31:04+00:00","dateModified":"2022-02-15T16:44:19+00:00","breadcrumb":{"@id":"https:\/\/mcmillanvantage.com\/fr\/2021\/03\/31\/le-gouvernement-du-quebec-depose-un-budget-retenu-alors-que-la-caq-se-prepare-a-sa-campagne-de-reelection\/#breadcrumb"},"inLanguage":"fr-CA","potentialAction":[{"@type":"ReadAction","target":["https:\/\/mcmillanvantage.com\/fr\/2021\/03\/31\/le-gouvernement-du-quebec-depose-un-budget-retenu-alors-que-la-caq-se-prepare-a-sa-campagne-de-reelection\/"]}]},{"@type":"ImageObject","inLanguage":"fr-CA","@id":"https:\/\/mcmillanvantage.com\/fr\/2021\/03\/31\/le-gouvernement-du-quebec-depose-un-budget-retenu-alors-que-la-caq-se-prepare-a-sa-campagne-de-reelection\/#primaryimage","url":"https:\/\/mcmillanvantage.com\/fr\/wp-content\/uploads\/sites\/3\/2021\/03\/Quebec-Releases-Restrained-final2-FR.jpg","contentUrl":"https:\/\/mcmillanvantage.com\/fr\/wp-content\/uploads\/sites\/3\/2021\/03\/Quebec-Releases-Restrained-final2-FR.jpg","width":1024,"height":512},{"@type":"BreadcrumbList","@id":"https:\/\/mcmillanvantage.com\/fr\/2021\/03\/31\/le-gouvernement-du-quebec-depose-un-budget-retenu-alors-que-la-caq-se-prepare-a-sa-campagne-de-reelection\/#breadcrumb","itemListElement":[{"@type":"ListItem","position":1,"name":"Home","item":"https:\/\/mcmillanvantage.com\/fr\/"},{"@type":"ListItem","position":2,"name":"Le gouvernement du Qu\u00e9bec d\u00e9pose un budget retenu alors que la CAQ se pr\u00e9pare \u00e0 sa campagne de r\u00e9\u00e9lection"}]},{"@type":"WebSite","@id":"https:\/\/mcmillanvantage.com\/fr\/#website","url":"https:\/\/mcmillanvantage.com\/fr\/","name":"McMillan Vantage","description":"","publisher":{"@id":"https:\/\/mcmillanvantage.com\/fr\/#organization"},"potentialAction":[{"@type":"SearchAction","target":{"@type":"EntryPoint","urlTemplate":"https:\/\/mcmillanvantage.com\/fr\/?s={search_term_string}"},"query-input":{"@type":"PropertyValueSpecification","valueRequired":true,"valueName":"search_term_string"}}],"inLanguage":"fr-CA"},{"@type":"Organization","@id":"https:\/\/mcmillanvantage.com\/fr\/#organization","name":"McMillan Vantage","url":"https:\/\/mcmillanvantage.com\/fr\/","logo":{"@type":"ImageObject","inLanguage":"fr-CA","@id":"https:\/\/mcmillanvantage.com\/fr\/#\/schema\/logo\/image\/","url":"https:\/\/mcmillanvantage.com\/fr\/wp-content\/uploads\/sites\/3\/2023\/02\/mv-logo-web.svg","contentUrl":"https:\/\/mcmillanvantage.com\/fr\/wp-content\/uploads\/sites\/3\/2023\/02\/mv-logo-web.svg","width":255,"height":40,"caption":"McMillan Vantage"},"image":{"@id":"https:\/\/mcmillanvantage.com\/fr\/#\/schema\/logo\/image\/"},"sameAs":["https:\/\/www.linkedin.com\/company\/mcmillanvantage"]},{"@type":"Person","@id":"https:\/\/mcmillanvantage.com\/fr\/#\/schema\/person\/d0ac01dd0c14ab69230a5db83247c6cb","name":"Andrea Donlan","url":"https:\/\/mcmillanvantage.com\/fr\/author\/andrea\/"}]}},"_links":{"self":[{"href":"https:\/\/mcmillanvantage.com\/fr\/wp-json\/wp\/v2\/posts\/592","targetHints":{"allow":["GET"]}}],"collection":[{"href":"https:\/\/mcmillanvantage.com\/fr\/wp-json\/wp\/v2\/posts"}],"about":[{"href":"https:\/\/mcmillanvantage.com\/fr\/wp-json\/wp\/v2\/types\/post"}],"author":[{"embeddable":true,"href":"https:\/\/mcmillanvantage.com\/fr\/wp-json\/wp\/v2\/users\/2"}],"replies":[{"embeddable":true,"href":"https:\/\/mcmillanvantage.com\/fr\/wp-json\/wp\/v2\/comments?post=592"}],"version-history":[{"count":0,"href":"https:\/\/mcmillanvantage.com\/fr\/wp-json\/wp\/v2\/posts\/592\/revisions"}],"wp:featuredmedia":[{"embeddable":true,"href":"https:\/\/mcmillanvantage.com\/fr\/wp-json\/wp\/v2\/media\/594"}],"wp:attachment":[{"href":"https:\/\/mcmillanvantage.com\/fr\/wp-json\/wp\/v2\/media?parent=592"}],"wp:term":[{"taxonomy":"category","embeddable":true,"href":"https:\/\/mcmillanvantage.com\/fr\/wp-json\/wp\/v2\/categories?post=592"},{"taxonomy":"post_tag","embeddable":true,"href":"https:\/\/mcmillanvantage.com\/fr\/wp-json\/wp\/v2\/tags?post=592"}],"curies":[{"name":"wp","href":"https:\/\/api.w.org\/{rel}","templated":true}]}}